{"id":16621,"date":"2025-08-21T19:06:59","date_gmt":"2025-08-21T17:06:59","guid":{"rendered":"https:\/\/s-kreuzer.de\/?p=16621"},"modified":"2025-08-21T19:07:02","modified_gmt":"2025-08-21T17:07:02","slug":"das-faengt-ja-gut-an","status":"publish","type":"post","link":"https:\/\/s-kreuzer.de\/?p=16621","title":{"rendered":"Das f\u00e4ngt ja gut an \u2026."},"content":{"rendered":"\n<p><a href=\"https:\/\/i0.wp.com\/s-kreuzer.de\/wp-content\/uploads\/2025\/08\/DSC_3745-scaled.jpg?ssl=1\"><img data-recalc-dims=\"1\" loading=\"lazy\" decoding=\"async\" class=\"aligncenter size-large wp-image-16627\" src=\"https:\/\/i0.wp.com\/s-kreuzer.de\/wp-content\/uploads\/2025\/08\/DSC_3745.jpg?resize=700%2C792&#038;ssl=1\" alt=\"\" width=\"700\" height=\"792\" srcset=\"https:\/\/i0.wp.com\/s-kreuzer.de\/wp-content\/uploads\/2025\/08\/DSC_3745-scaled.jpg?resize=700%2C792&amp;ssl=1 700w, https:\/\/i0.wp.com\/s-kreuzer.de\/wp-content\/uploads\/2025\/08\/DSC_3745-scaled.jpg?resize=265%2C300&amp;ssl=1 265w, https:\/\/i0.wp.com\/s-kreuzer.de\/wp-content\/uploads\/2025\/08\/DSC_3745-scaled.jpg?resize=768%2C869&amp;ssl=1 768w, https:\/\/i0.wp.com\/s-kreuzer.de\/wp-content\/uploads\/2025\/08\/DSC_3745-scaled.jpg?resize=1358%2C1536&amp;ssl=1 1358w, https:\/\/i0.wp.com\/s-kreuzer.de\/wp-content\/uploads\/2025\/08\/DSC_3745-scaled.jpg?resize=1810%2C2048&amp;ssl=1 1810w, https:\/\/i0.wp.com\/s-kreuzer.de\/wp-content\/uploads\/2025\/08\/DSC_3745-scaled.jpg?resize=274%2C310&amp;ssl=1 274w, https:\/\/i0.wp.com\/s-kreuzer.de\/wp-content\/uploads\/2025\/08\/DSC_3745-scaled.jpg?resize=93%2C105&amp;ssl=1 93w, https:\/\/i0.wp.com\/s-kreuzer.de\/wp-content\/uploads\/2025\/08\/DSC_3745-scaled.jpg?w=1440&amp;ssl=1 1440w, https:\/\/i0.wp.com\/s-kreuzer.de\/wp-content\/uploads\/2025\/08\/DSC_3745-scaled.jpg?w=2160&amp;ssl=1 2160w\" sizes=\"auto, (max-width: 700px) 100vw, 700px\" \/><\/a><\/p>\n\n\n\n<p>Das f\u00e4ngt ja gut an: 3.8.2025 p\u00fcnktlich um 13:00 Uhr erfolgt der erste Start zu den Wettfahrten um den H\u00f6ppner-Pokal. Leider sind wir mit unserer Olga nicht vorn dabei, als Wettfahrt Leiter Norbert Boldt uns bei kr\u00e4ftigem Wind auf die Regattabahn schickt. Auf dem Weg zum Start hatte sich schon die Rollfock in einen Streit mit dem Spifall verwickelt, was wir aber l\u00f6sen konnten. Bei 4-5 Beaufort letztlich die Wettfahrt beenden. Vor dem Start zur zweiten Wettfahrt wieder dieses Dilemma, diesmal jedoch mit Bordmitteln nicht l\u00f6sbar. Wir machten uns auf den Heimweg, als ich bei genauem Hinsehen am Austritt des Gro\u00dffalls am Mast einen Teil des Spifalls fest verknotet bemerkte. Gro\u00dfsegel runter, Spifall klarieren, zur\u00fcck zur Regattabahn, auf in den Wettkampf. Das allerdings mit m\u00e4\u00dfigem Ergebnis, dennoch machte Segeln bei dem Wind viel Spa\u00df. Besonderen Spa\u00df hatten wohl auch Marianne und Rainer (GER 424), die mit einem 2. und einem 3. Platz super Leistung zeigten, obwohl die Beiden starken Wind nicht so als ihre Lieblings-Bedingungen m\u00f6gen.<\/p>\n<p><a href=\"https:\/\/i0.wp.com\/s-kreuzer.de\/wp-content\/uploads\/2025\/08\/DSC_3798-1-scaled.jpg?ssl=1\"><img data-recalc-dims=\"1\" loading=\"lazy\" decoding=\"async\" class=\"aligncenter size-large wp-image-16625\" src=\"https:\/\/i0.wp.com\/s-kreuzer.de\/wp-content\/uploads\/2025\/08\/DSC_3798-1.jpg?resize=700%2C492&#038;ssl=1\" alt=\"\" width=\"700\" height=\"492\" srcset=\"https:\/\/i0.wp.com\/s-kreuzer.de\/wp-content\/uploads\/2025\/08\/DSC_3798-1-scaled.jpg?resize=700%2C492&amp;ssl=1 700w, https:\/\/i0.wp.com\/s-kreuzer.de\/wp-content\/uploads\/2025\/08\/DSC_3798-1-scaled.jpg?resize=300%2C211&amp;ssl=1 300w, https:\/\/i0.wp.com\/s-kreuzer.de\/wp-content\/uploads\/2025\/08\/DSC_3798-1-scaled.jpg?resize=768%2C540&amp;ssl=1 768w, https:\/\/i0.wp.com\/s-kreuzer.de\/wp-content\/uploads\/2025\/08\/DSC_3798-1-scaled.jpg?resize=1536%2C1079&amp;ssl=1 1536w, https:\/\/i0.wp.com\/s-kreuzer.de\/wp-content\/uploads\/2025\/08\/DSC_3798-1-scaled.jpg?resize=2048%2C1439&amp;ssl=1 2048w, https:\/\/i0.wp.com\/s-kreuzer.de\/wp-content\/uploads\/2025\/08\/DSC_3798-1-scaled.jpg?resize=427%2C300&amp;ssl=1 427w, https:\/\/i0.wp.com\/s-kreuzer.de\/wp-content\/uploads\/2025\/08\/DSC_3798-1-scaled.jpg?resize=310%2C218&amp;ssl=1 310w, https:\/\/i0.wp.com\/s-kreuzer.de\/wp-content\/uploads\/2025\/08\/DSC_3798-1-scaled.jpg?resize=150%2C105&amp;ssl=1 150w, https:\/\/i0.wp.com\/s-kreuzer.de\/wp-content\/uploads\/2025\/08\/DSC_3798-1-scaled.jpg?w=1440&amp;ssl=1 1440w, https:\/\/i0.wp.com\/s-kreuzer.de\/wp-content\/uploads\/2025\/08\/DSC_3798-1-scaled.jpg?w=2160&amp;ssl=1 2160w\" sizes=\"auto, (max-width: 700px) 100vw, 700px\" \/><\/a> <a href=\"https:\/\/i0.wp.com\/s-kreuzer.de\/wp-content\/uploads\/2025\/08\/DSC_3695-scaled.jpg?ssl=1\"><img data-recalc-dims=\"1\" loading=\"lazy\" decoding=\"async\" class=\"aligncenter size-large wp-image-16626\" src=\"https:\/\/i0.wp.com\/s-kreuzer.de\/wp-content\/uploads\/2025\/08\/DSC_3695.jpg?resize=700%2C509&#038;ssl=1\" alt=\"\" width=\"700\" height=\"509\" srcset=\"https:\/\/i0.wp.com\/s-kreuzer.de\/wp-content\/uploads\/2025\/08\/DSC_3695-scaled.jpg?resize=700%2C509&amp;ssl=1 700w, https:\/\/i0.wp.com\/s-kreuzer.de\/wp-content\/uploads\/2025\/08\/DSC_3695-scaled.jpg?resize=300%2C218&amp;ssl=1 300w, https:\/\/i0.wp.com\/s-kreuzer.de\/wp-content\/uploads\/2025\/08\/DSC_3695-scaled.jpg?resize=768%2C558&amp;ssl=1 768w, https:\/\/i0.wp.com\/s-kreuzer.de\/wp-content\/uploads\/2025\/08\/DSC_3695-scaled.jpg?resize=1536%2C1117&amp;ssl=1 1536w, https:\/\/i0.wp.com\/s-kreuzer.de\/wp-content\/uploads\/2025\/08\/DSC_3695-scaled.jpg?resize=2048%2C1489&amp;ssl=1 2048w, https:\/\/i0.wp.com\/s-kreuzer.de\/wp-content\/uploads\/2025\/08\/DSC_3695-scaled.jpg?resize=413%2C300&amp;ssl=1 413w, https:\/\/i0.wp.com\/s-kreuzer.de\/wp-content\/uploads\/2025\/08\/DSC_3695-scaled.jpg?resize=310%2C225&amp;ssl=1 310w, https:\/\/i0.wp.com\/s-kreuzer.de\/wp-content\/uploads\/2025\/08\/DSC_3695-scaled.jpg?resize=144%2C105&amp;ssl=1 144w, https:\/\/i0.wp.com\/s-kreuzer.de\/wp-content\/uploads\/2025\/08\/DSC_3695-scaled.jpg?w=1440&amp;ssl=1 1440w, https:\/\/i0.wp.com\/s-kreuzer.de\/wp-content\/uploads\/2025\/08\/DSC_3695-scaled.jpg?w=2160&amp;ssl=1 2160w\" sizes=\"auto, (max-width: 700px) 100vw, 700px\" \/><\/a><\/p>\n<p>Montag, 4. August, p\u00fcnktlich um 11:00 Uhr wird gestartet. Der Wind wie am Vortag stark bis heftig. Vom Start weg fuhren die Schwergewichte Christoph und Sven (GER 465) vorneweg, der Up- and Down-Kurs lag Ihnen besonders gut, es war immerhin schon der dritte Sieg im Dritten Rennen. Da kamen wir alten M\u00e4nner auf der OLGA nicht mehr ganz mit. Doris hatte uns schon vor den Wettfahrten eingesch\u00e4rft: Sicherheit geht vor Sieg. \u00a0<\/p>\n<p>Vierte und letzte Wettfahrt, endlich starten wir gut und geben die F\u00fchrung dann auch nicht mehr ab. Freude an Bord, Alter vor Gewicht! GER 465 segelte mit dem 2. Platz den Streicher der Serie! Sehr gut!<\/p>\n<p>Die Newcomer auf der \u201eLahmen Ente\u201c (GER 399) zeigten sich erstaunlich lernf\u00e4hig, selbst bei dem Wind setzten sie ab und an den Spi, an der Kreuz konnten sie die Geschwindigkeit sehr gut mithalten. Auch sie d\u00fcrften viel Spa\u00df gehabt haben. Den hatten Steffi und Jens nicht, weil sie schon wieder reparieren mussten.<\/p>\n<p>N\u00e4chster Tag, jetzt wird es ernst, der Euro Cup der 16 m\u00b2 Jollenkreuzer beginnt wieder p\u00fcnktlich um 11:00 Uhr. Der Wettfahrtleiter stimmte uns auf den starken Wind ein, bis zu 25 Knoten sollte es dann auch tats\u00e4chlich auf der Bahn sein. Das veranlasste denn auch die H\u00e4lfte der Teilnehmer, zugunsten der Sicherheit auf einen Start zu verzichten. Bei dem Wind zeigte sich die enorme Stabilit\u00e4t der OLGA, trotz unseres Alters konnten wir das Schiff sicher beherrschen, einen Sieg der alten M\u00e4nner \u00fcber die starken M\u00e4nner auf GER 465, was uns nat\u00fcrlich sehr erfreute. Diskussionen gab es abends beim Bier \u00fcber das richtige Verhalten an der Startlinie.<\/p>\n<p>Mittwochs, zun\u00e4chst Startverschiebung, 11:00 Uhr Besprechung, dass um 13:00 Uhr gestartet werden soll. Nach einem Blick auf die diversen Wetterinfos konnten wir den Wettfahrt Leiter \u00fcberzeugen, bei B\u00f6en bis zu 29\/30 Knoten die S-Kreuzer nicht mehr starten zu lassen. Und so fegte der Wind auch die Schaumkronen \u00fcber den Saller Bodden.<\/p>\n<p>Donnerstag, wieder Gerangel beim Starten, wir hatten viel \u00fcber die Formel \u201eLuv weicht Lee, weil ich dich seh\u201c diskutiert, die eigentlich so einfache Regel 11 wird f\u00fcr den kompliziert, der einige Sekunden vor dem Start unbedingt noch abfallen muss, um einen Fr\u00fchstart zu verhindern, das aber nicht kann, weil sich dort schon ein anderes Boot aufh\u00e4lt.<\/p>\n<p>Ergebnis: Die rote Flagge des Protestes. \u00a0<\/p>\n<p>Ansonsten eine starke Wettfahrt bei starkem Wind. Leider zu viel f\u00fcr GER 465, der sich die Tischkonstruktion sich aus dem Unterbau entfernte, Ende der Wettfahrt und Ende der Teilnahme von Christoph und Sven am Euro Cup. Der Wind war sowohl an diesem Tag wie auch am n\u00e4chsten erbaulich, mit 2-4 Beaufort f\u00fcr alle ein Vergn\u00fcgen.<\/p>\n<p>Wie der Ergebnisliste zu entnehmen ist, hatte Jens auch bei dem vielen Wind mit Steffi den richtigen Weg gefunden, f\u00fcnf erste Pl\u00e4tze in Reihenfolge bei sieben Starts zeigen, was die beiden drauf haben, wenn man sie l\u00e4sst. Gl\u00fcckwunsch an die beiden Besten unserer Klasse in ganz Europa (warum auch nicht?)<\/p>\n<p>Schade nur, dass einige Mannschaften nicht in den Norden gereist sind, weil die Wettervorhersagen schlimmste St\u00fcrme in Petto hatten. Zum Gl\u00fcck kann man sich aber nicht auf die Vorhersagen verlassen, es kommt sowieso, wie es kommt. Wir hatten herrlichste Segelbedingungen auf einem tollen Revier, auch der Wasserstand gab keinen Anlass zu Bef\u00fcrchtungen, und &#8211; nicht nur zum Schluss, sondern von Anfang an ein gro\u00dfes Kompliment an den ausrichtenden Segel Club Ribnitz, der mit seiner Mannschaft auf dem Wasser faire Wettfahrtbedingungen schaffte, aber ebenso an Land sich in gro\u00dfem Ma\u00dfe um das Wohlergehen aller Segler gesorgt hat.<\/p>\n<p>Ich kann f\u00fcr mich nur sagen, ich komme gerne wieder. \u00a0<\/p>\n<p>Das Abenteuer mit dem Kutter ZK 10, den Jens mitgebracht hatte, ist eine eigene Story wert, wenn sie denn mal zu Geh\u00f6r gebracht werden darf.<\/p>\n<p>Wilhelm Beckmann<\/p>\n<p><a href=\"https:\/\/emea01.safelinks.protection.outlook.com\/?url=https%3A%2F%2Fdrive.google.com%2Fdrive%2Ffolders%2F17L4xlBl1Wfntc0PC7ffX9DUsKhcwBcru&amp;data=05%7C02%7C%7C1475038dd722426dab4108dddf0ea212%7C84df9e7fe9f640afb435aaaaaaaaaaaa%7C1%7C0%7C638911976117601245%7CUnknown%7CTWFpbGZsb3d8eyJFbXB0eU1hcGkiOnRydWUsIlYiOiIwLjAuMDAwMCIsIlAiOiJXaW4zMiIsIkFOIjoiTWFpbCIsIldUIjoyfQ%3D%3D%7C0%7C%7C%7C&amp;sdata=J%2BN6E0bm5GOHS9R40%2BtRTPqkveqhJO8lMtfFFEZNZto%3D&amp;reserved=0\">Fotos von Hanna Weber<\/a><\/p>\n<p>\u00a0<\/p>\n\n\n\n\n","protected":false},"excerpt":{"rendered":"<p>Das f\u00e4ngt ja gut an: 3.8.2025 p\u00fcnktlich um 13:00 Uhr erfolgt der erste Start zu den Wettfahrten um den H\u00f6ppner-Pokal. Leider sind wir mit unserer Olga nicht vorn dabei, als Wettfahrt Leiter Norbert Boldt uns bei kr\u00e4ftigem Wind auf die<\/p>\n","protected":false},"author":1,"featured_media":0,"comment_status":"closed","ping_status":"closed","sticky":false,"template":"","format":"standard","meta":{"_coblocks_attr":"","_coblocks_dimensions":"","_coblocks_responsive_height":"","_coblocks_accordion_ie_support":"","_jetpack_memberships_contains_paid_content":false,"footnotes":"","jetpack_publicize_message":"","jetpack_publicize_feature_enabled":true,"jetpack_social_post_already_shared":true,"jetpack_social_options":{"image_generator_settings":{"template":"highway","default_image_id":0,"font":"","enabled":false},"version":2}},"categories":[1],"tags":[],"class_list":["post-16621","post","type-post","status-publish","format-standard","hentry","category-allgemein"],"jetpack_publicize_connections":[],"jetpack_featured_media_url":"","jetpack_sharing_enabled":true,"jetpack_shortlink":"https:\/\/wp.me\/p87SZm-4k5","_links":{"self":[{"href":"https:\/\/s-kreuzer.de\/index.php?rest_route=\/wp\/v2\/posts\/16621","targetHints":{"allow":["GET"]}}],"collection":[{"href":"https:\/\/s-kreuzer.de\/index.php?rest_route=\/wp\/v2\/posts"}],"about":[{"href":"https:\/\/s-kreuzer.de\/index.php?rest_route=\/wp\/v2\/types\/post"}],"author":[{"embeddable":true,"href":"https:\/\/s-kreuzer.de\/index.php?rest_route=\/wp\/v2\/users\/1"}],"replies":[{"embeddable":true,"href":"https:\/\/s-kreuzer.de\/index.php?rest_route=%2Fwp%2Fv2%2Fcomments&post=16621"}],"version-history":[{"count":4,"href":"https:\/\/s-kreuzer.de\/index.php?rest_route=\/wp\/v2\/posts\/16621\/revisions"}],"predecessor-version":[{"id":16628,"href":"https:\/\/s-kreuzer.de\/index.php?rest_route=\/wp\/v2\/posts\/16621\/revisions\/16628"}],"wp:attachment":[{"href":"https:\/\/s-kreuzer.de\/index.php?rest_route=%2Fwp%2Fv2%2Fmedia&parent=16621"}],"wp:term":[{"taxonomy":"category","embeddable":true,"href":"https:\/\/s-kreuzer.de\/index.php?rest_route=%2Fwp%2Fv2%2Fcategories&post=16621"},{"taxonomy":"post_tag","embeddable":true,"href":"https:\/\/s-kreuzer.de\/index.php?rest_route=%2Fwp%2Fv2%2Ftags&post=16621"}],"curies":[{"name":"wp","href":"https:\/\/api.w.org\/{rel}","templated":true}]}}