{"id":16608,"date":"2025-08-05T08:25:34","date_gmt":"2025-08-05T06:25:34","guid":{"rendered":"https:\/\/s-kreuzer.de\/?p=16608"},"modified":"2025-08-05T08:25:37","modified_gmt":"2025-08-05T06:25:37","slug":"eurocup-der-16-er-jk-beim-segelclub-ribnitz-eroeffnet","status":"publish","type":"post","link":"https:\/\/s-kreuzer.de\/?p=16608","title":{"rendered":"Eurocup der 16-er JK beim Segelclub Ribnitz er\u00f6ffnet"},"content":{"rendered":"\n<p><a href=\"https:\/\/i0.wp.com\/s-kreuzer.de\/wp-content\/uploads\/2025\/08\/IMG_0135.jpeg?ssl=1\"><img data-recalc-dims=\"1\" loading=\"lazy\" decoding=\"async\" class=\"aligncenter size-large wp-image-16609\" src=\"https:\/\/i0.wp.com\/s-kreuzer.de\/wp-content\/uploads\/2025\/08\/IMG_0135.jpeg?resize=700%2C467&#038;ssl=1\" alt=\"\" width=\"700\" height=\"467\" srcset=\"https:\/\/i0.wp.com\/s-kreuzer.de\/wp-content\/uploads\/2025\/08\/IMG_0135.jpeg?resize=700%2C467&amp;ssl=1 700w, https:\/\/i0.wp.com\/s-kreuzer.de\/wp-content\/uploads\/2025\/08\/IMG_0135.jpeg?resize=300%2C200&amp;ssl=1 300w, https:\/\/i0.wp.com\/s-kreuzer.de\/wp-content\/uploads\/2025\/08\/IMG_0135.jpeg?resize=768%2C512&amp;ssl=1 768w, https:\/\/i0.wp.com\/s-kreuzer.de\/wp-content\/uploads\/2025\/08\/IMG_0135.jpeg?resize=1536%2C1024&amp;ssl=1 1536w, https:\/\/i0.wp.com\/s-kreuzer.de\/wp-content\/uploads\/2025\/08\/IMG_0135.jpeg?resize=450%2C300&amp;ssl=1 450w, https:\/\/i0.wp.com\/s-kreuzer.de\/wp-content\/uploads\/2025\/08\/IMG_0135.jpeg?resize=310%2C207&amp;ssl=1 310w, https:\/\/i0.wp.com\/s-kreuzer.de\/wp-content\/uploads\/2025\/08\/IMG_0135.jpeg?resize=150%2C100&amp;ssl=1 150w, https:\/\/i0.wp.com\/s-kreuzer.de\/wp-content\/uploads\/2025\/08\/IMG_0135.jpeg?w=1620&amp;ssl=1 1620w, https:\/\/i0.wp.com\/s-kreuzer.de\/wp-content\/uploads\/2025\/08\/IMG_0135.jpeg?w=1440&amp;ssl=1 1440w\" sizes=\"auto, (max-width: 700px) 100vw, 700px\" \/><\/a><\/p>\n\n\n\n<p>Die Teilnehmer aus \u00d6sterreich und Deutschland auf dem Steg des SCR nach der Begr\u00fc\u00dfung durch den 1. Vorsitzenden und Wettfahrtleiter Norbert Boldt. <br \/>Norbert begleitet diese Veranstaltung nun, nach 2006 und 2014, in 2025 zum dritten Mal! Leider haben wir aufgrund der Wetterprognosen etliche Absagen zu verzeichnen. Das Boddenrevier hat ein besonderes Flair, das Umland hat viel zu bieten und der Segelclub hat uns herzlich und famili\u00e4r aufgenommen. Wir f\u00fchlen uns hier alle sehr wohl.<\/p>\n<p>\u00a0<\/p>\n<p>\u00a0<\/p>\n","protected":false},"excerpt":{"rendered":"<p>Die Teilnehmer aus \u00d6sterreich und Deutschland auf dem Steg des SCR nach der Begr\u00fc\u00dfung durch den 1. Vorsitzenden und Wettfahrtleiter Norbert Boldt. Norbert begleitet diese Veranstaltung nun, nach 2006 und 2014, in 2025 zum dritten Mal! Leider haben wir aufgrund<\/p>\n","protected":false},"author":1,"featured_media":0,"comment_status":"closed","ping_status":"closed","sticky":false,"template":"","format":"standard","meta":{"_coblocks_attr":"","_coblocks_dimensions":"","_coblocks_responsive_height":"","_coblocks_accordion_ie_support":"","_jetpack_memberships_contains_paid_content":false,"footnotes":"","jetpack_publicize_message":"","jetpack_publicize_feature_enabled":true,"jetpack_social_post_already_shared":true,"jetpack_social_options":{"image_generator_settings":{"template":"highway","default_image_id":0,"font":"","enabled":false},"version":2}},"categories":[1],"tags":[],"class_list":["post-16608","post","type-post","status-publish","format-standard","hentry","category-allgemein"],"jetpack_publicize_connections":[],"jetpack_featured_media_url":"","jetpack_sharing_enabled":true,"jetpack_shortlink":"https:\/\/wp.me\/p87SZm-4jS","_links":{"self":[{"href":"https:\/\/s-kreuzer.de\/index.php?rest_route=\/wp\/v2\/posts\/16608","targetHints":{"allow":["GET"]}}],"collection":[{"href":"https:\/\/s-kreuzer.de\/index.php?rest_route=\/wp\/v2\/posts"}],"about":[{"href":"https:\/\/s-kreuzer.de\/index.php?rest_route=\/wp\/v2\/types\/post"}],"author":[{"embeddable":true,"href":"https:\/\/s-kreuzer.de\/index.php?rest_route=\/wp\/v2\/users\/1"}],"replies":[{"embeddable":true,"href":"https:\/\/s-kreuzer.de\/index.php?rest_route=%2Fwp%2Fv2%2Fcomments&post=16608"}],"version-history":[{"count":2,"href":"https:\/\/s-kreuzer.de\/index.php?rest_route=\/wp\/v2\/posts\/16608\/revisions"}],"predecessor-version":[{"id":16611,"href":"https:\/\/s-kreuzer.de\/index.php?rest_route=\/wp\/v2\/posts\/16608\/revisions\/16611"}],"wp:attachment":[{"href":"https:\/\/s-kreuzer.de\/index.php?rest_route=%2Fwp%2Fv2%2Fmedia&parent=16608"}],"wp:term":[{"taxonomy":"category","embeddable":true,"href":"https:\/\/s-kreuzer.de\/index.php?rest_route=%2Fwp%2Fv2%2Fcategories&post=16608"},{"taxonomy":"post_tag","embeddable":true,"href":"https:\/\/s-kreuzer.de\/index.php?rest_route=%2Fwp%2Fv2%2Ftags&post=16608"}],"curies":[{"name":"wp","href":"https:\/\/api.w.org\/{rel}","templated":true}]}}